{"id":732,"date":"2019-05-20T12:00:20","date_gmt":"2019-05-20T10:00:20","guid":{"rendered":"http:\/\/www.spd-trier-land.de\/?p=732"},"modified":"2019-05-12T23:00:18","modified_gmt":"2019-05-12T21:00:18","slug":"willkommen-in-der-ferienregion-trier-land","status":"publish","type":"post","link":"https:\/\/www.spd-trier-land.de\/?p=732","title":{"rendered":"Willkommen in der Ferienregion Trier-Land!"},"content":{"rendered":"\n<p>Unsere grenz\u00fcberschreitende Region, unsere abwechslungsreichen<br> Landschaften und Flusst\u00e4ler mit ihren vielf\u00e4ltigen Sehensw\u00fcrdigkeiten und gut ausgewiesenen Rad- und Wanderwegen finden immer gr\u00f6\u00dferen Zuspruch bei den Ferieng\u00e4sten. Mit der Gr\u00fcndung des Vereins \u201e<strong>Ferienregion Trier-Land<\/strong>\u201c wurde der Tourismus in unserer Verbandsgemeinde professionalisiert. Die Kooperation mit den luxemburger Nachbarn und die gemeinsam betriebene <strong>Touristikinformation<\/strong> ist f\u00fcr die SPD-Fraktion die richtige Entscheidung<br> gewesen. <\/p>\n\n\n\n<p>Deshalb war es notwendig, unsere Tourist-Information in Wasserbilligerbr\u00fcck zu einer modernen Anlaufstelle umzubauen.<br> Gemeinsam mit unseren Ortsgemeinden und Heimatvereinen wurde das <strong>Wanderwegenetz in Trier-Land<\/strong> erweitert und somit neue Sehensw\u00fcrdigkeiten wie romantische T\u00e4ler, Schluchten und Steinbr\u00fcche, Wasserf\u00e4lle und historische Waschstellen f\u00fcr den Wanderer erschlossen. Die Sanierung des Butzerbachtals steht hier beispielhaft f\u00fcr gelungene Projekte. Die Ferieng\u00e4ste aus nah und fern sowie aus dem Ausland k\u00f6nnen somit die Entwicklungspotenziale im Fremdenverkehr st\u00e4rker als bisher nutzen. Dies unterst\u00fctzt nicht nur die Gastronomie und den Einzelhandel,<br> sondern bringt auch dem \u00dcbernachtungsgewerbe und den Kommunen zus\u00e4tzliches Geld in die Kassen.<\/p>\n\n\n\n<p> <em>Bien venue en Region Trier-Land! Welcome to Trier-Land!<br> H\u00e4rzlech wellkomm an da Regioun Trier-Land<\/em><br><br> <strong>SPD w\u00e4hlen, denn wir sind davon \u00fcberzeugt, dass<br> unsere Ferienregion Trier-Land noch viel mehr<br> Potenzial hat, was wir nutzen m\u00fcssen.<\/strong><\/p>\n\n\n\n<p> <\/p>\n\n\n\n<p>  a<\/p>\n\n\n\n<p><\/p>\n\n\n\n<p> <\/p>\n","protected":false},"excerpt":{"rendered":"<p>Unsere grenz\u00fcberschreitende Region, unsere abwechslungsreichen Landschaften und Flusst\u00e4ler mit ihren vielf\u00e4ltigen Sehensw\u00fcrdigkeiten und gut ausgewiesenen Rad- und Wanderwegen finden immer gr\u00f6\u00dferen Zuspruch bei den Ferieng\u00e4sten. Mit der Gr\u00fcndung des Vereins \u201eFerienregion Trier-Land\u201c wurde der Tourismus in unserer Verbandsgemeinde professionalisiert. Die Kooperation mit den luxemburger Nachbarn und die gemeinsam betriebene Touristikinformation ist f\u00fcr die SPD-Fraktion die [&hellip;]<\/p>\n","protected":false},"author":1,"featured_media":0,"comment_status":"closed","ping_status":"closed","sticky":false,"template":"","format":"standard","meta":{"footnotes":""},"categories":[2],"tags":[345,138,348,63,347,349,346],"class_list":["post-732","post","type-post","status-publish","format-standard","hentry","category-trier-land","tag-butzerbachtal","tag-ferienregion-trier-land","tag-luxemburg","tag-tourismus","tag-touristeninformation","tag-wanderwegenetz","tag-wasserbilliger-brueck"],"_links":{"self":[{"href":"https:\/\/www.spd-trier-land.de\/index.php?rest_route=\/wp\/v2\/posts\/732","targetHints":{"allow":["GET"]}}],"collection":[{"href":"https:\/\/www.spd-trier-land.de\/index.php?rest_route=\/wp\/v2\/posts"}],"about":[{"href":"https:\/\/www.spd-trier-land.de\/index.php?rest_route=\/wp\/v2\/types\/post"}],"author":[{"embeddable":true,"href":"https:\/\/www.spd-trier-land.de\/index.php?rest_route=\/wp\/v2\/users\/1"}],"replies":[{"embeddable":true,"href":"https:\/\/www.spd-trier-land.de\/index.php?rest_route=%2Fwp%2Fv2%2Fcomments&post=732"}],"version-history":[{"count":1,"href":"https:\/\/www.spd-trier-land.de\/index.php?rest_route=\/wp\/v2\/posts\/732\/revisions"}],"predecessor-version":[{"id":733,"href":"https:\/\/www.spd-trier-land.de\/index.php?rest_route=\/wp\/v2\/posts\/732\/revisions\/733"}],"wp:attachment":[{"href":"https:\/\/www.spd-trier-land.de\/index.php?rest_route=%2Fwp%2Fv2%2Fmedia&parent=732"}],"wp:term":[{"taxonomy":"category","embeddable":true,"href":"https:\/\/www.spd-trier-land.de\/index.php?rest_route=%2Fwp%2Fv2%2Fcategories&post=732"},{"taxonomy":"post_tag","embeddable":true,"href":"https:\/\/www.spd-trier-land.de\/index.php?rest_route=%2Fwp%2Fv2%2Ftags&post=732"}],"curies":[{"name":"wp","href":"https:\/\/api.w.org\/{rel}","templated":true}]}}