{"id":734,"date":"2019-05-22T12:00:37","date_gmt":"2019-05-22T10:00:37","guid":{"rendered":"http:\/\/www.spd-trier-land.de\/?p=734"},"modified":"2019-05-12T23:05:30","modified_gmt":"2019-05-12T21:05:30","slug":"buergernahe-verwaltung-kommt-allen-zugute","status":"publish","type":"post","link":"https:\/\/www.spd-trier-land.de\/?p=734","title":{"rendered":"B\u00fcrgernahe Verwaltung kommt allen zugute!"},"content":{"rendered":"\n<p>Die Einf\u00fchrung des <strong>mobilen Rathauses<\/strong> war die beste Entscheidung, die der Verbandsgemeinderat seinerzeit getroffen hat. Sie kommt allen zugute und wird nach wie vor sehr gut angenommen. Dies soll auch in Zukunft so bleiben. Daf\u00fcr werden wir uns einsetzen. B\u00fcrger aus anderen Verbandsgemeinden beneiden uns um diese Einrichtung.<br><br> Als n\u00e4chster Schritt gilt es, auch bei unserer Verwaltung <strong>digitale und elektronische Verwaltungsdienste anzubieten<\/strong>. Dann kann der B\u00fcrger auch von zu Hause aus durch einfache und nutzerfreundliche Plattformen Verwaltungsangelegenheiten mit dem PC erledigen, denn durch das \u201eschnelle Internet\u201c, das derzeit in der Verbandsgemeinde nahezu \u00fcberall eingerichtet wird, werden die Voraussetzungen dazu geschaffen.<br><br> Der Verbandsgemeinderat muss sich in der kommenden Legislaturperiode<br> mit dem <strong>Standort des Verwaltungsgeb\u00e4udes<\/strong> in der Gartenfeldstra\u00dfe und mit den technischen Betrieben im Gewerbegebiet Trierweiler befassen. Denn energetische Sanierungen und die Erweiterungen sind notwendig, jedoch mit sehr hohen Kosten verbunden.<br> Jedoch sollte man nach unserer Auffassung die Entwicklung in der <strong>Verbandsgemeinde Speicher abwarten<\/strong>. Die M\u00f6glichkeit, dass die VG Speicher mit der VG Trier-Land in der n\u00e4chsten Legislaturperiode fusioniert, kann nicht ausgeschlossen werden. Somit st\u00fcnde ein weiteres modernes Verwaltungsgeb\u00e4ude zur Verf\u00fcgung, welches unbedingt in die weiteren Diskussionen und \u00dcberlegungen eingebunden werden muss.<\/p>\n\n\n\n<p><br> <strong>SPD w\u00e4hlen, damit keine voreiligen Entscheidungen<br> getroffen werden.<\/strong><\/p>\n","protected":false},"excerpt":{"rendered":"<p>Die Einf\u00fchrung des mobilen Rathauses war die beste Entscheidung, die der Verbandsgemeinderat seinerzeit getroffen hat. Sie kommt allen zugute und wird nach wie vor sehr gut angenommen. Dies soll auch in Zukunft so bleiben. Daf\u00fcr werden wir uns einsetzen. B\u00fcrger aus anderen Verbandsgemeinden beneiden uns um diese Einrichtung. Als n\u00e4chster Schritt gilt es, auch bei [&hellip;]<\/p>\n","protected":false},"author":1,"featured_media":0,"comment_status":"closed","ping_status":"closed","sticky":false,"template":"","format":"standard","meta":{"footnotes":""},"categories":[2],"tags":[355,352,356,24,354,353,188,85,350,351],"class_list":["post-734","post","type-post","status-publish","format-standard","hentry","category-trier-land","tag-fusion","tag-gartenfeldstrasse","tag-mobiles-rathaus","tag-sanierung","tag-speicher","tag-trier","tag-trierweiler","tag-verbandsgemeinde","tag-verwaltung","tag-verwaltungsgebaeude"],"_links":{"self":[{"href":"https:\/\/www.spd-trier-land.de\/index.php?rest_route=\/wp\/v2\/posts\/734","targetHints":{"allow":["GET"]}}],"collection":[{"href":"https:\/\/www.spd-trier-land.de\/index.php?rest_route=\/wp\/v2\/posts"}],"about":[{"href":"https:\/\/www.spd-trier-land.de\/index.php?rest_route=\/wp\/v2\/types\/post"}],"author":[{"embeddable":true,"href":"https:\/\/www.spd-trier-land.de\/index.php?rest_route=\/wp\/v2\/users\/1"}],"replies":[{"embeddable":true,"href":"https:\/\/www.spd-trier-land.de\/index.php?rest_route=%2Fwp%2Fv2%2Fcomments&post=734"}],"version-history":[{"count":2,"href":"https:\/\/www.spd-trier-land.de\/index.php?rest_route=\/wp\/v2\/posts\/734\/revisions"}],"predecessor-version":[{"id":742,"href":"https:\/\/www.spd-trier-land.de\/index.php?rest_route=\/wp\/v2\/posts\/734\/revisions\/742"}],"wp:attachment":[{"href":"https:\/\/www.spd-trier-land.de\/index.php?rest_route=%2Fwp%2Fv2%2Fmedia&parent=734"}],"wp:term":[{"taxonomy":"category","embeddable":true,"href":"https:\/\/www.spd-trier-land.de\/index.php?rest_route=%2Fwp%2Fv2%2Fcategories&post=734"},{"taxonomy":"post_tag","embeddable":true,"href":"https:\/\/www.spd-trier-land.de\/index.php?rest_route=%2Fwp%2Fv2%2Ftags&post=734"}],"curies":[{"name":"wp","href":"https:\/\/api.w.org\/{rel}","templated":true}]}}