{"id":736,"date":"2019-05-24T12:00:36","date_gmt":"2019-05-24T10:00:36","guid":{"rendered":"http:\/\/www.spd-trier-land.de\/?p=736"},"modified":"2019-05-12T23:08:53","modified_gmt":"2019-05-12T21:08:53","slug":"ansiedlung-von-gewerbebetrieben-wohnortnahe-arbeitsplaetze","status":"publish","type":"post","link":"https:\/\/www.spd-trier-land.de\/?p=736","title":{"rendered":"Ansiedlung von Gewerbebetrieben &#8211; wohnortnahe Arbeitspl\u00e4tze"},"content":{"rendered":"\n<p>Die kleinen Gewerbefl\u00e4chen in unseren Gemeinden und das gro\u00dfe Gewerbegebiet in Trierweiler-Sirzenich bieten wohnortnahe Arbeitspl\u00e4tze. Sie sind besonders f\u00fcr das Familienleben wichtig, denn sie sparen lange Anfahrten zur Arbeit. Sie sichern den Gemeinden aber auch notwendige<br> Gewerbesteuereinnahmen, damit sie ihre Aufgaben erf\u00fcllen k\u00f6nnen. Daher ist es unser Bestreben, Gemeinden bei der <strong>Ausweisung zus\u00e4tzlicher Gewerbegebiete<\/strong> zu unterst\u00fctzen.<br> Den Vorschlag der Gemeinde Trierweiler und der Stadt Trier, ein gemeinsames Gewerbegebiet im Bereich der Autobahn zu schaffen, werden wir im Rahmen der Fl\u00e4chennutzungsplanung eingehend und in enger Abstimmung mit der Gemeinde pr\u00fcfen.<\/p>\n\n\n\n<p><br><strong> SPD w\u00e4hlen, Arbeitspl\u00e4tze in Wohnortn\u00e4he sind klasse!<\/strong><\/p>\n","protected":false},"excerpt":{"rendered":"<p>Die kleinen Gewerbefl\u00e4chen in unseren Gemeinden und das gro\u00dfe Gewerbegebiet in Trierweiler-Sirzenich bieten wohnortnahe Arbeitspl\u00e4tze. Sie sind besonders f\u00fcr das Familienleben wichtig, denn sie sparen lange Anfahrten zur Arbeit. Sie sichern den Gemeinden aber auch notwendige Gewerbesteuereinnahmen, damit sie ihre Aufgaben erf\u00fcllen k\u00f6nnen. Daher ist es unser Bestreben, Gemeinden bei der Ausweisung zus\u00e4tzlicher Gewerbegebiete zu [&hellip;]<\/p>\n","protected":false},"author":1,"featured_media":0,"comment_status":"closed","ping_status":"closed","sticky":false,"template":"","format":"standard","meta":{"footnotes":""},"categories":[2],"tags":[144,114,134,357],"class_list":["post-736","post","type-post","status-publish","format-standard","hentry","category-trier-land","tag-flaechennutzungsplan","tag-gewerbegebiet","tag-stadt-trier","tag-trierweiler-sirzenich"],"_links":{"self":[{"href":"https:\/\/www.spd-trier-land.de\/index.php?rest_route=\/wp\/v2\/posts\/736","targetHints":{"allow":["GET"]}}],"collection":[{"href":"https:\/\/www.spd-trier-land.de\/index.php?rest_route=\/wp\/v2\/posts"}],"about":[{"href":"https:\/\/www.spd-trier-land.de\/index.php?rest_route=\/wp\/v2\/types\/post"}],"author":[{"embeddable":true,"href":"https:\/\/www.spd-trier-land.de\/index.php?rest_route=\/wp\/v2\/users\/1"}],"replies":[{"embeddable":true,"href":"https:\/\/www.spd-trier-land.de\/index.php?rest_route=%2Fwp%2Fv2%2Fcomments&post=736"}],"version-history":[{"count":1,"href":"https:\/\/www.spd-trier-land.de\/index.php?rest_route=\/wp\/v2\/posts\/736\/revisions"}],"predecessor-version":[{"id":737,"href":"https:\/\/www.spd-trier-land.de\/index.php?rest_route=\/wp\/v2\/posts\/736\/revisions\/737"}],"wp:attachment":[{"href":"https:\/\/www.spd-trier-land.de\/index.php?rest_route=%2Fwp%2Fv2%2Fmedia&parent=736"}],"wp:term":[{"taxonomy":"category","embeddable":true,"href":"https:\/\/www.spd-trier-land.de\/index.php?rest_route=%2Fwp%2Fv2%2Fcategories&post=736"},{"taxonomy":"post_tag","embeddable":true,"href":"https:\/\/www.spd-trier-land.de\/index.php?rest_route=%2Fwp%2Fv2%2Ftags&post=736"}],"curies":[{"name":"wp","href":"https:\/\/api.w.org\/{rel}","templated":true}]}}