{"id":738,"date":"2019-05-26T07:00:05","date_gmt":"2019-05-26T05:00:05","guid":{"rendered":"http:\/\/www.spd-trier-land.de\/?p=738"},"modified":"2019-05-12T23:12:02","modified_gmt":"2019-05-12T21:12:02","slug":"liebe-mitbuergerinnen-und-mitbuerger","status":"publish","type":"post","link":"https:\/\/www.spd-trier-land.de\/?p=738","title":{"rendered":"Liebe Mitb\u00fcrgerinnen und Mitb\u00fcrger,"},"content":{"rendered":"\n<p>in den vergangenen f\u00fcnf Jahren konnten wir konstruktiv an der Entwicklung in Trier- Land mitarbeiten und sie ma\u00dfgeblich mitgestalten. <br><br>Wir waren stets ein verl\u00e4sslicher Partner der Verwaltung und des Verbandsgemeinderates. An Stellen, wo Lobbyisten zu viel Druck aus\u00fcbten und Steuergelder unn\u00f6tig ausgegeben werden sollten, hatten wir den Mut nein zu sagen. <br>Wir bewerben uns mit unseren Kandidatinnen und Kandidaten bei Ihnen um Ihre Stimme und bitten um Ihre Unterst\u00fctzung.<\/p>\n\n\n\n<p><br><strong> Herzlichen Dank<\/strong><\/p>\n","protected":false},"excerpt":{"rendered":"<p>in den vergangenen f\u00fcnf Jahren konnten wir konstruktiv an der Entwicklung in Trier- Land mitarbeiten und sie ma\u00dfgeblich mitgestalten. Wir waren stets ein verl\u00e4sslicher Partner der Verwaltung und des Verbandsgemeinderates. An Stellen, wo Lobbyisten zu viel Druck aus\u00fcbten und Steuergelder unn\u00f6tig ausgegeben werden sollten, hatten wir den Mut nein zu sagen. Wir bewerben uns mit [&hellip;]<\/p>\n","protected":false},"author":1,"featured_media":0,"comment_status":"closed","ping_status":"closed","sticky":false,"template":"","format":"standard","meta":{"footnotes":""},"categories":[2],"tags":[],"class_list":["post-738","post","type-post","status-publish","format-standard","hentry","category-trier-land"],"_links":{"self":[{"href":"https:\/\/www.spd-trier-land.de\/index.php?rest_route=\/wp\/v2\/posts\/738","targetHints":{"allow":["GET"]}}],"collection":[{"href":"https:\/\/www.spd-trier-land.de\/index.php?rest_route=\/wp\/v2\/posts"}],"about":[{"href":"https:\/\/www.spd-trier-land.de\/index.php?rest_route=\/wp\/v2\/types\/post"}],"author":[{"embeddable":true,"href":"https:\/\/www.spd-trier-land.de\/index.php?rest_route=\/wp\/v2\/users\/1"}],"replies":[{"embeddable":true,"href":"https:\/\/www.spd-trier-land.de\/index.php?rest_route=%2Fwp%2Fv2%2Fcomments&post=738"}],"version-history":[{"count":1,"href":"https:\/\/www.spd-trier-land.de\/index.php?rest_route=\/wp\/v2\/posts\/738\/revisions"}],"predecessor-version":[{"id":739,"href":"https:\/\/www.spd-trier-land.de\/index.php?rest_route=\/wp\/v2\/posts\/738\/revisions\/739"}],"wp:attachment":[{"href":"https:\/\/www.spd-trier-land.de\/index.php?rest_route=%2Fwp%2Fv2%2Fmedia&parent=738"}],"wp:term":[{"taxonomy":"category","embeddable":true,"href":"https:\/\/www.spd-trier-land.de\/index.php?rest_route=%2Fwp%2Fv2%2Fcategories&post=738"},{"taxonomy":"post_tag","embeddable":true,"href":"https:\/\/www.spd-trier-land.de\/index.php?rest_route=%2Fwp%2Fv2%2Ftags&post=738"}],"curies":[{"name":"wp","href":"https:\/\/api.w.org\/{rel}","templated":true}]}}