{"id":753,"date":"2019-06-02T22:04:16","date_gmt":"2019-06-02T20:04:16","guid":{"rendered":"http:\/\/www.spd-trier-land.de\/?p=753"},"modified":"2019-06-02T22:04:16","modified_gmt":"2019-06-02T20:04:16","slug":"spd-trier-land-dem-europatrend-knapp-entkommen","status":"publish","type":"post","link":"https:\/\/www.spd-trier-land.de\/?p=753","title":{"rendered":"SPD Trier-Land \u2013 Dem Europatrend knapp entkommen"},"content":{"rendered":"\n<p>Liebe W\u00e4hlerinnen und W\u00e4hler!<\/p>\n\n\n\n<p>Wir m\u00f6chten uns auch an dieser Stelle bei Ihnen f\u00fcr die\nUnterst\u00fctzung und das uns entgegengebrachte Vertrauen bedanken. <\/p>\n\n\n\n<p>Die SPD Trier-Land kann Sie in der kommenden\nLegislaturperiode mit sieben Sitzen im Verbandsgemeinderat vertreten. <\/p>\n\n\n\n<p>In den meisten Gemeinder\u00e4ten in Trier-Land sind wir wieder\nvertreten. Vereinzelt haben wir Stimmen dem Europatrend folgend verloren, aber z.B.\nin Langsur und Be\u00dflich Sitze dazugewonnen. <\/p>\n\n\n\n<p>In Trierweiler stellt die SPD mit Dieter M\u00fcller den\nzuk\u00fcnftigen Ortsb\u00fcrgermeister, in Be\u00dflich, Butzweiler und Mesenich den\nOrtsvorsteher. \n\nDaf\u00fcr VIELEN DANK\n\n\n\n&lt;<\/p>\n","protected":false},"excerpt":{"rendered":"<p>Liebe W\u00e4hlerinnen und W\u00e4hler! Wir m\u00f6chten uns auch an dieser Stelle bei Ihnen f\u00fcr die Unterst\u00fctzung und das uns entgegengebrachte Vertrauen bedanken. Die SPD Trier-Land kann Sie in der kommenden Legislaturperiode mit sieben Sitzen im Verbandsgemeinderat vertreten. In den meisten Gemeinder\u00e4ten in Trier-Land sind wir wieder vertreten. Vereinzelt haben wir Stimmen dem Europatrend folgend verloren, [&hellip;]<\/p>\n","protected":false},"author":1,"featured_media":0,"comment_status":"closed","ping_status":"closed","sticky":false,"template":"","format":"standard","meta":{"footnotes":""},"categories":[2],"tags":[288,96,228,213,210,194,123,201,100,315,215,198,188],"class_list":["post-753","post","type-post","status-publish","format-standard","hentry","category-trier-land","tag-dieter-mueller","tag-dominik-matter","tag-europawahl","tag-kommunalwahl","tag-langsur","tag-matthias-wagner","tag-mesenich","tag-newel","tag-nikolaus-lieser","tag-peter-bruns","tag-spd","tag-trier-land","tag-trierweiler"],"_links":{"self":[{"href":"https:\/\/www.spd-trier-land.de\/index.php?rest_route=\/wp\/v2\/posts\/753","targetHints":{"allow":["GET"]}}],"collection":[{"href":"https:\/\/www.spd-trier-land.de\/index.php?rest_route=\/wp\/v2\/posts"}],"about":[{"href":"https:\/\/www.spd-trier-land.de\/index.php?rest_route=\/wp\/v2\/types\/post"}],"author":[{"embeddable":true,"href":"https:\/\/www.spd-trier-land.de\/index.php?rest_route=\/wp\/v2\/users\/1"}],"replies":[{"embeddable":true,"href":"https:\/\/www.spd-trier-land.de\/index.php?rest_route=%2Fwp%2Fv2%2Fcomments&post=753"}],"version-history":[{"count":1,"href":"https:\/\/www.spd-trier-land.de\/index.php?rest_route=\/wp\/v2\/posts\/753\/revisions"}],"predecessor-version":[{"id":754,"href":"https:\/\/www.spd-trier-land.de\/index.php?rest_route=\/wp\/v2\/posts\/753\/revisions\/754"}],"wp:attachment":[{"href":"https:\/\/www.spd-trier-land.de\/index.php?rest_route=%2Fwp%2Fv2%2Fmedia&parent=753"}],"wp:term":[{"taxonomy":"category","embeddable":true,"href":"https:\/\/www.spd-trier-land.de\/index.php?rest_route=%2Fwp%2Fv2%2Fcategories&post=753"},{"taxonomy":"post_tag","embeddable":true,"href":"https:\/\/www.spd-trier-land.de\/index.php?rest_route=%2Fwp%2Fv2%2Ftags&post=753"}],"curies":[{"name":"wp","href":"https:\/\/api.w.org\/{rel}","templated":true}]}}