{"id":762,"date":"2019-06-26T18:44:55","date_gmt":"2019-06-26T16:44:55","guid":{"rendered":"http:\/\/www.spd-trier-land.de\/?p=762"},"modified":"2019-06-28T07:50:26","modified_gmt":"2019-06-28T05:50:26","slug":"edgar-schmitt-zum-2-beigeordneten-der-verbandsgemeinde-trier-land-gewaehlt","status":"publish","type":"post","link":"https:\/\/www.spd-trier-land.de\/?p=762","title":{"rendered":"Edgar Schmitt  zum 2. Beigeordneten der Verbandsgemeinde Trier-Land gew\u00e4hlt"},"content":{"rendered":"\n<p>Bei\nsommerlichen Temperaturen von fast 40Grad kamen&nbsp; die neugew\u00e4hlten\nVerbandsgemeinderatsmitglieder zur&nbsp; konstituierenden Sitzung am 26.06.2019\nzusammen.<\/p>\n\n\n\n<p>Edgar\nSchmitt wurde zum 2. Beigeordneten der Verbandsgemeinde Trier-Land gew\u00e4hlt.<\/p>\n\n\n\n<p>Er wird zuk\u00fcnftig als Beigeordneter, Fraktionssprecher der SPD und mit den gew\u00e4hlten Sozialdemokratinnen und Sozialdemokraten die Geschicke der Verbandsgemeinde mitbestimmen. <\/p>\n\n\n\n<p>F\u00fcr seine langj\u00e4hrige (30 Jahre) ehrenamtliche, kommunalpolitische Arbeit wurde Edgar Schmitt von B\u00fcrgermeister Michael Holstein geehrt. <\/p>\n\n\n\n<p>Verbandsb\u00fcrgermeister Michael Holstein \u00fcberreichte mit Urkunde vom Gemeinde- und St\u00e4dtebund auch ein Weinpr\u00e4sent der Verbandsgemeindeverwaltung. <\/p>\n\n\n\n<p>Herzlichen Gl\u00fcckwunsch Edgar!<\/p>\n","protected":false},"excerpt":{"rendered":"<p>Bei sommerlichen Temperaturen von fast 40Grad kamen&nbsp; die neugew\u00e4hlten Verbandsgemeinderatsmitglieder zur&nbsp; konstituierenden Sitzung am 26.06.2019 zusammen. Edgar Schmitt wurde zum 2. Beigeordneten der Verbandsgemeinde Trier-Land gew\u00e4hlt. Er wird zuk\u00fcnftig als Beigeordneter, Fraktionssprecher der SPD und mit den gew\u00e4hlten Sozialdemokratinnen und Sozialdemokraten die Geschicke der Verbandsgemeinde mitbestimmen. F\u00fcr seine langj\u00e4hrige (30 Jahre) ehrenamtliche, kommunalpolitische Arbeit wurde [&hellip;]<\/p>\n","protected":false},"author":1,"featured_media":763,"comment_status":"closed","ping_status":"closed","sticky":false,"template":"","format":"standard","meta":{"footnotes":""},"categories":[2,6],"tags":[61,215,198,162,207],"class_list":["post-762","post","type-post","status-publish","format-standard","has-post-thumbnail","hentry","category-trier-land","category-zemmer","tag-edgar-schmitt","tag-spd","tag-trier-land","tag-verbandsgemeinde-trier-land","tag-zemmer"],"_links":{"self":[{"href":"https:\/\/www.spd-trier-land.de\/index.php?rest_route=\/wp\/v2\/posts\/762","targetHints":{"allow":["GET"]}}],"collection":[{"href":"https:\/\/www.spd-trier-land.de\/index.php?rest_route=\/wp\/v2\/posts"}],"about":[{"href":"https:\/\/www.spd-trier-land.de\/index.php?rest_route=\/wp\/v2\/types\/post"}],"author":[{"embeddable":true,"href":"https:\/\/www.spd-trier-land.de\/index.php?rest_route=\/wp\/v2\/users\/1"}],"replies":[{"embeddable":true,"href":"https:\/\/www.spd-trier-land.de\/index.php?rest_route=%2Fwp%2Fv2%2Fcomments&post=762"}],"version-history":[{"count":1,"href":"https:\/\/www.spd-trier-land.de\/index.php?rest_route=\/wp\/v2\/posts\/762\/revisions"}],"predecessor-version":[{"id":764,"href":"https:\/\/www.spd-trier-land.de\/index.php?rest_route=\/wp\/v2\/posts\/762\/revisions\/764"}],"wp:featuredmedia":[{"embeddable":true,"href":"https:\/\/www.spd-trier-land.de\/index.php?rest_route=\/wp\/v2\/media\/763"}],"wp:attachment":[{"href":"https:\/\/www.spd-trier-land.de\/index.php?rest_route=%2Fwp%2Fv2%2Fmedia&parent=762"}],"wp:term":[{"taxonomy":"category","embeddable":true,"href":"https:\/\/www.spd-trier-land.de\/index.php?rest_route=%2Fwp%2Fv2%2Fcategories&post=762"},{"taxonomy":"post_tag","embeddable":true,"href":"https:\/\/www.spd-trier-land.de\/index.php?rest_route=%2Fwp%2Fv2%2Ftags&post=762"}],"curies":[{"name":"wp","href":"https:\/\/api.w.org\/{rel}","templated":true}]}}