{"id":767,"date":"2019-07-01T21:34:21","date_gmt":"2019-07-01T19:34:21","guid":{"rendered":"http:\/\/www.spd-trier-land.de\/?p=767"},"modified":"2019-07-01T21:34:21","modified_gmt":"2019-07-01T19:34:21","slug":"der-buergerbus-endlich-ist-es-soweit","status":"publish","type":"post","link":"https:\/\/www.spd-trier-land.de\/?p=767","title":{"rendered":"Der B\u00fcrgerbus &#8211; Endlich ist es soweit!"},"content":{"rendered":"\n<p><\/p>\n\n\n\n<p>Am Dienstag 2. Juli 2019 startet die erste Fahrt. <\/p>\n\n\n\n<p>Der kostenlose B\u00fcrgerbus&nbsp; der Gemeinde Zemmer geht\nin Betrieb.<\/p>\n\n\n\n<p>Alle B\u00fcrgerinnen und B\u00fcrger der Ortsgemeinde Zemmer,\nderen Mobilit\u00e4t aus unterschiedlichen Gr\u00fcnden eingeschr\u00e4nkt ist, k\u00f6nnen ihn\nnutzen und mobil bleiben. <\/p>\n\n\n\n<p>Sie k\u00f6nnen die Besuche f\u00fcr Ihre Daseinsvorsorge (Arzt,\nEinkauf etc.) somit wieder gut erreichen.\n\nDamit ist der Herzenswunsch unseres\nOrtsb\u00fcrgermeisters Edgar Schmitt in Erf\u00fcllung gegangen. \n\n\n\n<\/p>\n","protected":false},"excerpt":{"rendered":"<p>Am Dienstag 2. Juli 2019 startet die erste Fahrt. Der kostenlose B\u00fcrgerbus&nbsp; der Gemeinde Zemmer geht in Betrieb. Alle B\u00fcrgerinnen und B\u00fcrger der Ortsgemeinde Zemmer, deren Mobilit\u00e4t aus unterschiedlichen Gr\u00fcnden eingeschr\u00e4nkt ist, k\u00f6nnen ihn nutzen und mobil bleiben. Sie k\u00f6nnen die Besuche f\u00fcr Ihre Daseinsvorsorge (Arzt, Einkauf etc.) somit wieder gut erreichen. Damit ist der [&hellip;]<\/p>\n","protected":false},"author":1,"featured_media":768,"comment_status":"closed","ping_status":"closed","sticky":false,"template":"","format":"standard","meta":{"footnotes":""},"categories":[6],"tags":[361,61,320,215,207],"class_list":["post-767","post","type-post","status-publish","format-standard","has-post-thumbnail","hentry","category-zemmer","tag-buergerbus","tag-edgar-schmitt","tag-mobilitaet","tag-spd","tag-zemmer"],"_links":{"self":[{"href":"https:\/\/www.spd-trier-land.de\/index.php?rest_route=\/wp\/v2\/posts\/767","targetHints":{"allow":["GET"]}}],"collection":[{"href":"https:\/\/www.spd-trier-land.de\/index.php?rest_route=\/wp\/v2\/posts"}],"about":[{"href":"https:\/\/www.spd-trier-land.de\/index.php?rest_route=\/wp\/v2\/types\/post"}],"author":[{"embeddable":true,"href":"https:\/\/www.spd-trier-land.de\/index.php?rest_route=\/wp\/v2\/users\/1"}],"replies":[{"embeddable":true,"href":"https:\/\/www.spd-trier-land.de\/index.php?rest_route=%2Fwp%2Fv2%2Fcomments&post=767"}],"version-history":[{"count":1,"href":"https:\/\/www.spd-trier-land.de\/index.php?rest_route=\/wp\/v2\/posts\/767\/revisions"}],"predecessor-version":[{"id":769,"href":"https:\/\/www.spd-trier-land.de\/index.php?rest_route=\/wp\/v2\/posts\/767\/revisions\/769"}],"wp:featuredmedia":[{"embeddable":true,"href":"https:\/\/www.spd-trier-land.de\/index.php?rest_route=\/wp\/v2\/media\/768"}],"wp:attachment":[{"href":"https:\/\/www.spd-trier-land.de\/index.php?rest_route=%2Fwp%2Fv2%2Fmedia&parent=767"}],"wp:term":[{"taxonomy":"category","embeddable":true,"href":"https:\/\/www.spd-trier-land.de\/index.php?rest_route=%2Fwp%2Fv2%2Fcategories&post=767"},{"taxonomy":"post_tag","embeddable":true,"href":"https:\/\/www.spd-trier-land.de\/index.php?rest_route=%2Fwp%2Fv2%2Ftags&post=767"}],"curies":[{"name":"wp","href":"https:\/\/api.w.org\/{rel}","templated":true}]}}