{"id":771,"date":"2019-07-03T08:00:22","date_gmt":"2019-07-03T06:00:22","guid":{"rendered":"http:\/\/www.spd-trier-land.de\/?p=771"},"modified":"2019-07-08T13:52:51","modified_gmt":"2019-07-08T11:52:51","slug":"anpacken-fuer-zemmer-die-fidei-hier-sind-wir-daheim","status":"publish","type":"post","link":"https:\/\/www.spd-trier-land.de\/?p=771","title":{"rendered":"Anpacken f\u00fcr Zemmer \u2013 Die Fidei, hier sind wir daheim!"},"content":{"rendered":"\n<div class=\"wp-block-image\"><figure class=\"aligncenter is-resized\"><img loading=\"lazy\" decoding=\"async\" src=\"http:\/\/www.spd-trier-land.de\/wp-content\/uploads\/2019\/07\/anpacken-zemmer.png\" alt=\"\" class=\"wp-image-780\" width=\"96\" height=\"96\" srcset=\"https:\/\/www.spd-trier-land.de\/wp-content\/uploads\/2019\/07\/anpacken-zemmer.png 324w, https:\/\/www.spd-trier-land.de\/wp-content\/uploads\/2019\/07\/anpacken-zemmer-150x150.png 150w, https:\/\/www.spd-trier-land.de\/wp-content\/uploads\/2019\/07\/anpacken-zemmer-300x300.png 300w\" sizes=\"auto, (max-width: 96px) 100vw, 96px\" \/><\/figure><\/div>\n\n\n\n<p>Slogan f\u00fcr erfolgreiche SPD Arbeit in der Gemeinde\nZemmer.<\/p>\n\n\n\n<p>Eine Erfolgsgeschichte, der <strong>B\u00fcrgerbus Zemmer<\/strong>. <\/p>\n\n\n\n<p>Gestern, 2. Juli 2019 konnte Ortsb\u00fcrgermeister Edgar\nSchmitt den nagelneuen B\u00fcrgerbus seiner Bestimmung \u00fcbergeben.<\/p>\n\n\n\n<p>Durch das Engagement vieler ehrenamtlicher Helfer und\nSpender konnte der Bus \u201eauf die R\u00e4der\u201c gestellt werden.<\/p>\n\n\n\n<p>Aber auch Dorfbegleiterin und B\u00fcrgertreff \u201eAm Eckelchen\u201c\nrunden das Konzept ab.<\/p>\n\n\n\n<p>Weiter so, B\u00fcrgerinnen und B\u00fcrger engagiert euch, helft mit, unterst\u00fctzt mit die Arbeitsgruppe <strong>B\u00dcRGER HELFEN B\u00dcRGER \u2013 WIR SIND FIDEI.<\/strong><\/p>\n\n\n\n<p>Dankesch\u00f6n!<br>SPD Ortsverein Zemmer<br><br><\/p>\n\n\n\n<p><br><\/p>\n\n\n\n<ul class=\"wp-block-gallery columns-3 is-cropped wp-block-gallery-1 is-layout-flex wp-block-gallery-is-layout-flex\"><li class=\"blocks-gallery-item\"><figure><img loading=\"lazy\" decoding=\"async\" width=\"1024\" height=\"735\" src=\"http:\/\/www.spd-trier-land.de\/wp-content\/uploads\/2019\/07\/Einweihung-B\u00fcrgerbus_02.07.2019-1-1024x735.jpg\" alt=\"\" data-id=\"773\" data-link=\"http:\/\/www.spd-trier-land.de\/?attachment_id=773\" class=\"wp-image-773\" srcset=\"https:\/\/www.spd-trier-land.de\/wp-content\/uploads\/2019\/07\/Einweihung-B\u00fcrgerbus_02.07.2019-1-1024x735.jpg 1024w, https:\/\/www.spd-trier-land.de\/wp-content\/uploads\/2019\/07\/Einweihung-B\u00fcrgerbus_02.07.2019-1-300x215.jpg 300w, https:\/\/www.spd-trier-land.de\/wp-content\/uploads\/2019\/07\/Einweihung-B\u00fcrgerbus_02.07.2019-1-768x551.jpg 768w, https:\/\/www.spd-trier-land.de\/wp-content\/uploads\/2019\/07\/Einweihung-B\u00fcrgerbus_02.07.2019-1.jpg 1280w\" sizes=\"auto, (max-width: 1024px) 100vw, 1024px\" \/><\/figure><\/li><li class=\"blocks-gallery-item\"><figure><img loading=\"lazy\" decoding=\"async\" width=\"1024\" height=\"499\" src=\"http:\/\/www.spd-trier-land.de\/wp-content\/uploads\/2019\/07\/Einweihung-B\u00fcrgerbus_02.07.2019-2-1024x499.jpg\" alt=\"\" data-id=\"774\" data-link=\"http:\/\/www.spd-trier-land.de\/?attachment_id=774\" class=\"wp-image-774\" srcset=\"https:\/\/www.spd-trier-land.de\/wp-content\/uploads\/2019\/07\/Einweihung-B\u00fcrgerbus_02.07.2019-2-1024x499.jpg 1024w, https:\/\/www.spd-trier-land.de\/wp-content\/uploads\/2019\/07\/Einweihung-B\u00fcrgerbus_02.07.2019-2-300x146.jpg 300w, https:\/\/www.spd-trier-land.de\/wp-content\/uploads\/2019\/07\/Einweihung-B\u00fcrgerbus_02.07.2019-2-768x374.jpg 768w, https:\/\/www.spd-trier-land.de\/wp-content\/uploads\/2019\/07\/Einweihung-B\u00fcrgerbus_02.07.2019-2.jpg 1280w\" sizes=\"auto, (max-width: 1024px) 100vw, 1024px\" \/><\/figure><\/li><li class=\"blocks-gallery-item\"><figure><img loading=\"lazy\" decoding=\"async\" width=\"1024\" height=\"763\" src=\"http:\/\/www.spd-trier-land.de\/wp-content\/uploads\/2019\/07\/Einweihung-B\u00fcrgerbus_02.07.2019-3-1024x763.jpg\" alt=\"\" data-id=\"775\" data-link=\"http:\/\/www.spd-trier-land.de\/?attachment_id=775\" class=\"wp-image-775\" srcset=\"https:\/\/www.spd-trier-land.de\/wp-content\/uploads\/2019\/07\/Einweihung-B\u00fcrgerbus_02.07.2019-3-1024x763.jpg 1024w, https:\/\/www.spd-trier-land.de\/wp-content\/uploads\/2019\/07\/Einweihung-B\u00fcrgerbus_02.07.2019-3-300x224.jpg 300w, https:\/\/www.spd-trier-land.de\/wp-content\/uploads\/2019\/07\/Einweihung-B\u00fcrgerbus_02.07.2019-3-768x572.jpg 768w, https:\/\/www.spd-trier-land.de\/wp-content\/uploads\/2019\/07\/Einweihung-B\u00fcrgerbus_02.07.2019-3.jpg 1280w\" sizes=\"auto, (max-width: 1024px) 100vw, 1024px\" \/><\/figure><\/li><li class=\"blocks-gallery-item\"><figure><img loading=\"lazy\" decoding=\"async\" width=\"1024\" height=\"940\" src=\"http:\/\/www.spd-trier-land.de\/wp-content\/uploads\/2019\/07\/Einweihung-B\u00fcrgerbus_02.07.2019-4-1024x940.jpg\" alt=\"\" data-id=\"776\" data-link=\"http:\/\/www.spd-trier-land.de\/?attachment_id=776\" class=\"wp-image-776\" srcset=\"https:\/\/www.spd-trier-land.de\/wp-content\/uploads\/2019\/07\/Einweihung-B\u00fcrgerbus_02.07.2019-4-1024x940.jpg 1024w, https:\/\/www.spd-trier-land.de\/wp-content\/uploads\/2019\/07\/Einweihung-B\u00fcrgerbus_02.07.2019-4-300x276.jpg 300w, https:\/\/www.spd-trier-land.de\/wp-content\/uploads\/2019\/07\/Einweihung-B\u00fcrgerbus_02.07.2019-4-768x705.jpg 768w, https:\/\/www.spd-trier-land.de\/wp-content\/uploads\/2019\/07\/Einweihung-B\u00fcrgerbus_02.07.2019-4.jpg 1115w\" sizes=\"auto, (max-width: 1024px) 100vw, 1024px\" \/><\/figure><\/li><li class=\"blocks-gallery-item\"><figure><img loading=\"lazy\" decoding=\"async\" width=\"1024\" height=\"502\" src=\"http:\/\/www.spd-trier-land.de\/wp-content\/uploads\/2019\/07\/Einweihung-B\u00fcrgerbus_02.07.2019-5-1024x502.jpg\" alt=\"\" data-id=\"777\" data-link=\"http:\/\/www.spd-trier-land.de\/?attachment_id=777\" class=\"wp-image-777\" srcset=\"https:\/\/www.spd-trier-land.de\/wp-content\/uploads\/2019\/07\/Einweihung-B\u00fcrgerbus_02.07.2019-5-1024x502.jpg 1024w, https:\/\/www.spd-trier-land.de\/wp-content\/uploads\/2019\/07\/Einweihung-B\u00fcrgerbus_02.07.2019-5-300x147.jpg 300w, https:\/\/www.spd-trier-land.de\/wp-content\/uploads\/2019\/07\/Einweihung-B\u00fcrgerbus_02.07.2019-5-768x376.jpg 768w, https:\/\/www.spd-trier-land.de\/wp-content\/uploads\/2019\/07\/Einweihung-B\u00fcrgerbus_02.07.2019-5.jpg 1280w\" sizes=\"auto, (max-width: 1024px) 100vw, 1024px\" \/><\/figure><\/li><li class=\"blocks-gallery-item\"><figure><img loading=\"lazy\" decoding=\"async\" width=\"682\" height=\"1024\" src=\"http:\/\/www.spd-trier-land.de\/wp-content\/uploads\/2019\/07\/Einweihung-B\u00fcrgerbus_02.07.2019-6-682x1024.jpg\" alt=\"\" data-id=\"778\" data-link=\"http:\/\/www.spd-trier-land.de\/?attachment_id=778\" class=\"wp-image-778\" srcset=\"https:\/\/www.spd-trier-land.de\/wp-content\/uploads\/2019\/07\/Einweihung-B\u00fcrgerbus_02.07.2019-6.jpg 682w, https:\/\/www.spd-trier-land.de\/wp-content\/uploads\/2019\/07\/Einweihung-B\u00fcrgerbus_02.07.2019-6-200x300.jpg 200w\" sizes=\"auto, (max-width: 682px) 100vw, 682px\" \/><\/figure><\/li><\/ul>\n","protected":false},"excerpt":{"rendered":"<p>Slogan f\u00fcr erfolgreiche SPD Arbeit in der Gemeinde Zemmer. Eine Erfolgsgeschichte, der B\u00fcrgerbus Zemmer. Gestern, 2. Juli 2019 konnte Ortsb\u00fcrgermeister Edgar Schmitt den nagelneuen B\u00fcrgerbus seiner Bestimmung \u00fcbergeben. Durch das Engagement vieler ehrenamtlicher Helfer und Spender konnte der Bus \u201eauf die R\u00e4der\u201c gestellt werden. Aber auch Dorfbegleiterin und B\u00fcrgertreff \u201eAm Eckelchen\u201c runden das Konzept ab. [&hellip;]<\/p>\n","protected":false},"author":1,"featured_media":774,"comment_status":"closed","ping_status":"closed","sticky":false,"template":"","format":"standard","meta":{"footnotes":""},"categories":[6],"tags":[361,363,362,61,215,207],"class_list":["post-771","post","type-post","status-publish","format-standard","has-post-thumbnail","hentry","category-zemmer","tag-buergerbus","tag-dorfbegleiter","tag-dorfbegleiterin","tag-edgar-schmitt","tag-spd","tag-zemmer"],"_links":{"self":[{"href":"https:\/\/www.spd-trier-land.de\/index.php?rest_route=\/wp\/v2\/posts\/771","targetHints":{"allow":["GET"]}}],"collection":[{"href":"https:\/\/www.spd-trier-land.de\/index.php?rest_route=\/wp\/v2\/posts"}],"about":[{"href":"https:\/\/www.spd-trier-land.de\/index.php?rest_route=\/wp\/v2\/types\/post"}],"author":[{"embeddable":true,"href":"https:\/\/www.spd-trier-land.de\/index.php?rest_route=\/wp\/v2\/users\/1"}],"replies":[{"embeddable":true,"href":"https:\/\/www.spd-trier-land.de\/index.php?rest_route=%2Fwp%2Fv2%2Fcomments&post=771"}],"version-history":[{"count":2,"href":"https:\/\/www.spd-trier-land.de\/index.php?rest_route=\/wp\/v2\/posts\/771\/revisions"}],"predecessor-version":[{"id":781,"href":"https:\/\/www.spd-trier-land.de\/index.php?rest_route=\/wp\/v2\/posts\/771\/revisions\/781"}],"wp:featuredmedia":[{"embeddable":true,"href":"https:\/\/www.spd-trier-land.de\/index.php?rest_route=\/wp\/v2\/media\/774"}],"wp:attachment":[{"href":"https:\/\/www.spd-trier-land.de\/index.php?rest_route=%2Fwp%2Fv2%2Fmedia&parent=771"}],"wp:term":[{"taxonomy":"category","embeddable":true,"href":"https:\/\/www.spd-trier-land.de\/index.php?rest_route=%2Fwp%2Fv2%2Fcategories&post=771"},{"taxonomy":"post_tag","embeddable":true,"href":"https:\/\/www.spd-trier-land.de\/index.php?rest_route=%2Fwp%2Fv2%2Ftags&post=771"}],"curies":[{"name":"wp","href":"https:\/\/api.w.org\/{rel}","templated":true}]}}