{"id":783,"date":"2019-08-12T21:04:09","date_gmt":"2019-08-12T19:04:09","guid":{"rendered":"http:\/\/www.spd-trier-land.de\/?p=783"},"modified":"2019-08-12T21:04:09","modified_gmt":"2019-08-12T19:04:09","slug":"neuer-ortsgemeinderat-zemmer","status":"publish","type":"post","link":"https:\/\/www.spd-trier-land.de\/?p=783","title":{"rendered":"Neuer Ortsgemeinderat Zemmer"},"content":{"rendered":"\n<p> nimmt am Montag, 12.08.2019 die Arbeit auf. <\/p>\n\n\n\n<p>Die \u00f6ffentlich konstituierende Sitzung findet um 19.00 Uhr im B\u00fcrgerhaus Schleidweiler statt.<\/p>\n\n\n\n<p>Auf dem Programm stehen u.a. Verpflichtung der\nRatsmitglieder, Wahl des Ortsb\u00fcrgermeisters\/in, Wahl der Beigeordneten,\nVerpflichtung und Besetzung der Aussch\u00fcsse und Gremien.<\/p>\n\n\n\n<p><br><\/p>\n","protected":false},"excerpt":{"rendered":"<p>nimmt am Montag, 12.08.2019 die Arbeit auf. Die \u00f6ffentlich konstituierende Sitzung findet um 19.00 Uhr im B\u00fcrgerhaus Schleidweiler statt. Auf dem Programm stehen u.a. Verpflichtung der Ratsmitglieder, Wahl des Ortsb\u00fcrgermeisters\/in, Wahl der Beigeordneten, Verpflichtung und Besetzung der Aussch\u00fcsse und Gremien.<\/p>\n","protected":false},"author":1,"featured_media":0,"comment_status":"closed","ping_status":"closed","sticky":false,"template":"","format":"standard","meta":{"footnotes":""},"categories":[6],"tags":[215,207],"class_list":["post-783","post","type-post","status-publish","format-standard","hentry","category-zemmer","tag-spd","tag-zemmer"],"_links":{"self":[{"href":"https:\/\/www.spd-trier-land.de\/index.php?rest_route=\/wp\/v2\/posts\/783","targetHints":{"allow":["GET"]}}],"collection":[{"href":"https:\/\/www.spd-trier-land.de\/index.php?rest_route=\/wp\/v2\/posts"}],"about":[{"href":"https:\/\/www.spd-trier-land.de\/index.php?rest_route=\/wp\/v2\/types\/post"}],"author":[{"embeddable":true,"href":"https:\/\/www.spd-trier-land.de\/index.php?rest_route=\/wp\/v2\/users\/1"}],"replies":[{"embeddable":true,"href":"https:\/\/www.spd-trier-land.de\/index.php?rest_route=%2Fwp%2Fv2%2Fcomments&post=783"}],"version-history":[{"count":1,"href":"https:\/\/www.spd-trier-land.de\/index.php?rest_route=\/wp\/v2\/posts\/783\/revisions"}],"predecessor-version":[{"id":784,"href":"https:\/\/www.spd-trier-land.de\/index.php?rest_route=\/wp\/v2\/posts\/783\/revisions\/784"}],"wp:attachment":[{"href":"https:\/\/www.spd-trier-land.de\/index.php?rest_route=%2Fwp%2Fv2%2Fmedia&parent=783"}],"wp:term":[{"taxonomy":"category","embeddable":true,"href":"https:\/\/www.spd-trier-land.de\/index.php?rest_route=%2Fwp%2Fv2%2Fcategories&post=783"},{"taxonomy":"post_tag","embeddable":true,"href":"https:\/\/www.spd-trier-land.de\/index.php?rest_route=%2Fwp%2Fv2%2Ftags&post=783"}],"curies":[{"name":"wp","href":"https:\/\/api.w.org\/{rel}","templated":true}]}}