{"id":785,"date":"2019-08-17T18:20:47","date_gmt":"2019-08-17T16:20:47","guid":{"rendered":"http:\/\/www.spd-trier-land.de\/?p=785"},"modified":"2019-08-17T18:20:47","modified_gmt":"2019-08-17T16:20:47","slug":"edgar-schmitt-zum-ortsbuergermeister-gewaehlt","status":"publish","type":"post","link":"https:\/\/www.spd-trier-land.de\/?p=785","title":{"rendered":"Edgar Schmitt zum Ortsb\u00fcrgermeister gew\u00e4hlt!"},"content":{"rendered":"\n<p>In der \u00f6<\/p>\n\n\n\n<p>In der \u00f6ffentlich, konstituierenden Gemeinderatssitzung wurde Edgar Schmitt gestern Abend mit klarer Mehrheit zum Ortsb\u00fcrgermeister gew\u00e4hlt.<br>Helmut Heinz r\u00fcckt f\u00fcr Edgar Schmitt in den Gemeinderat nach.<br>Unterst\u00fctzt wird Edgar Schmitt von Claudia Kr\u00fctten als 2. Beigeordnete, die ebenfalls mit hervorragendem Ergebnis gew\u00e4hlt wurde.<\/p>\n\n\n\n<p>In den Aussch\u00fcssen sind wir vertreten:<\/p>\n\n\n\n<p>Haupt- und Finanzausschuss:<br>Josef Schaich, stellv. Helmut Heinz<br>Annegrethe Berg, stellv. Rita Nottinger<\/p>\n\n\n\n<p>Umwelt- und Bauausschuss: <br>Joachim Berg, stellv. Dominik Schuh<br>Rita Nottinger, stellv. Helmut Heinz<\/p>\n\n\n\n<p>Heimat- Kultur- und Fremdenverkehr:<br>Annegrethe Berg, stellv. Rita Nottinger<br>Elke Fa\u00df, stellv. Brigitte Hessel.<\/p>\n\n\n\n<p>Fraktionssprecherin Annegrethe Berg und Rita Nottinger.<\/p>\n\n\n\n<p>Wir werden unsere Themen weiterverfolgen. Motiviert,\nunabh\u00e4ngig und frei.<\/p>\n\n\n\n<p>SPD-Fraktion im Ortsgemeinderat Zemmer<\/p>\n","protected":false},"excerpt":{"rendered":"<p>In der \u00f6 In der \u00f6ffentlich, konstituierenden Gemeinderatssitzung wurde Edgar Schmitt gestern Abend mit klarer Mehrheit zum Ortsb\u00fcrgermeister gew\u00e4hlt.Helmut Heinz r\u00fcckt f\u00fcr Edgar Schmitt in den Gemeinderat nach.Unterst\u00fctzt wird Edgar Schmitt von Claudia Kr\u00fctten als 2. Beigeordnete, die ebenfalls mit hervorragendem Ergebnis gew\u00e4hlt wurde. In den Aussch\u00fcssen sind wir vertreten: Haupt- und Finanzausschuss:Josef Schaich, stellv. [&hellip;]<\/p>\n","protected":false},"author":1,"featured_media":786,"comment_status":"closed","ping_status":"closed","sticky":false,"template":"","format":"standard","meta":{"footnotes":""},"categories":[2,6],"tags":[257,365,61,364,215,207],"class_list":["post-785","post","type-post","status-publish","format-standard","has-post-thumbnail","hentry","category-trier-land","category-zemmer","tag-annegrethe-berg","tag-claudia-kruetten","tag-edgar-schmitt","tag-ortsbuergermeister","tag-spd","tag-zemmer"],"_links":{"self":[{"href":"https:\/\/www.spd-trier-land.de\/index.php?rest_route=\/wp\/v2\/posts\/785","targetHints":{"allow":["GET"]}}],"collection":[{"href":"https:\/\/www.spd-trier-land.de\/index.php?rest_route=\/wp\/v2\/posts"}],"about":[{"href":"https:\/\/www.spd-trier-land.de\/index.php?rest_route=\/wp\/v2\/types\/post"}],"author":[{"embeddable":true,"href":"https:\/\/www.spd-trier-land.de\/index.php?rest_route=\/wp\/v2\/users\/1"}],"replies":[{"embeddable":true,"href":"https:\/\/www.spd-trier-land.de\/index.php?rest_route=%2Fwp%2Fv2%2Fcomments&post=785"}],"version-history":[{"count":1,"href":"https:\/\/www.spd-trier-land.de\/index.php?rest_route=\/wp\/v2\/posts\/785\/revisions"}],"predecessor-version":[{"id":787,"href":"https:\/\/www.spd-trier-land.de\/index.php?rest_route=\/wp\/v2\/posts\/785\/revisions\/787"}],"wp:featuredmedia":[{"embeddable":true,"href":"https:\/\/www.spd-trier-land.de\/index.php?rest_route=\/wp\/v2\/media\/786"}],"wp:attachment":[{"href":"https:\/\/www.spd-trier-land.de\/index.php?rest_route=%2Fwp%2Fv2%2Fmedia&parent=785"}],"wp:term":[{"taxonomy":"category","embeddable":true,"href":"https:\/\/www.spd-trier-land.de\/index.php?rest_route=%2Fwp%2Fv2%2Fcategories&post=785"},{"taxonomy":"post_tag","embeddable":true,"href":"https:\/\/www.spd-trier-land.de\/index.php?rest_route=%2Fwp%2Fv2%2Ftags&post=785"}],"curies":[{"name":"wp","href":"https:\/\/api.w.org\/{rel}","templated":true}]}}