{"id":788,"date":"2019-08-18T21:30:45","date_gmt":"2019-08-18T19:30:45","guid":{"rendered":"http:\/\/www.spd-trier-land.de\/?p=788"},"modified":"2019-08-18T21:24:59","modified_gmt":"2019-08-18T19:24:59","slug":"neue-ausschuesse-im-verbandsgemeinderat","status":"publish","type":"post","link":"https:\/\/www.spd-trier-land.de\/?p=788","title":{"rendered":"Neue Aussch\u00fcsse im Verbandsgemeinderat"},"content":{"rendered":"\n<p>In seiner Sitzung hat der Verbandsgemeinderat die Aussch\u00fcsse\nf\u00fcr die neue Legislaturperiode besetzt. <\/p>\n\n\n\n<p>F\u00fcr die SPD sind Edgar Schmitt (Zemmer), Dominik Matter\n(Newel) und Reinhold Kiemen (Igel) im Haupt- und Finanzausschuss. Sie werden\ndurch Edith Olk (Welschbillig), Ursula Stattrop (Kordel) und Peter Hammes\n(Welschbillig) vertreten.<\/p>\n\n\n\n<p>Im Feuerwehrausschuss sind Edgar Schmitt und Sebastian Bach\n(Langsur). Sie werden durch Dominik Matter und Dominik Schu (Zemmer) vertreten.<\/p>\n\n\n\n<p>Im Ausschuss f\u00fcr Bauen, Umwelt, Natur- und Klimaschutz sind\nPeter Hammes (Welschbillig) und Dominik Schu. Sie werden durch Reinhold Kiemen\nund Sebastian Holz (Newel) vertreten. <\/p>\n\n\n\n<p>Der Jugendausschuss wird durch Alexandra Fischer-Horn\n(Trierweiler) und Edith Olk, vertreten durch Dominik Matter und Edgar Schmitt,\nbesetzt. <\/p>\n\n\n\n<p>Rechnungspr\u00fcfung erfolgt seitens der SPD durch Dominik\nMatter und Edith Olk (Vertreter: Ursula Stattrop und Alexandra Fischer-Horn)<\/p>\n\n\n\n<p>Bei der Wahl der Mitglieder des Schultr\u00e4gerausschusses wurde\nDominik Matter (Vertreterin: Edith Olk) gew\u00e4hlt, sowie auf Vorschlag der SPD Sebastian\nMertes (Leiter der Grundschule Aach-Newel) und Alex Pries (Welschbillig). \n\nIm Werksausschuss Eigenbetrieb Abwasserwerk Trier-Land\nsind Edgar Schmitt und Reinhold Kiemen (Vertreter Peter Hammes und Dominik\nMatter).\n\n\n\n<\/p>\n","protected":false},"excerpt":{"rendered":"<p>In seiner Sitzung hat der Verbandsgemeinderat die Aussch\u00fcsse f\u00fcr die neue Legislaturperiode besetzt. F\u00fcr die SPD sind Edgar Schmitt (Zemmer), Dominik Matter (Newel) und Reinhold Kiemen (Igel) im Haupt- und Finanzausschuss. Sie werden durch Edith Olk (Welschbillig), Ursula Stattrop (Kordel) und Peter Hammes (Welschbillig) vertreten. Im Feuerwehrausschuss sind Edgar Schmitt und Sebastian Bach (Langsur). Sie [&hellip;]<\/p>\n","protected":false},"author":1,"featured_media":0,"comment_status":"closed","ping_status":"closed","sticky":false,"template":"","format":"standard","meta":{"footnotes":""},"categories":[4,5,8,3,2,7,10,6],"tags":[],"class_list":["post-788","post","type-post","status-publish","format-standard","hentry","category-igel","category-kordel","category-langsur","category-newel","category-trier-land","category-trierweiler","category-welschbillig","category-zemmer"],"_links":{"self":[{"href":"https:\/\/www.spd-trier-land.de\/index.php?rest_route=\/wp\/v2\/posts\/788","targetHints":{"allow":["GET"]}}],"collection":[{"href":"https:\/\/www.spd-trier-land.de\/index.php?rest_route=\/wp\/v2\/posts"}],"about":[{"href":"https:\/\/www.spd-trier-land.de\/index.php?rest_route=\/wp\/v2\/types\/post"}],"author":[{"embeddable":true,"href":"https:\/\/www.spd-trier-land.de\/index.php?rest_route=\/wp\/v2\/users\/1"}],"replies":[{"embeddable":true,"href":"https:\/\/www.spd-trier-land.de\/index.php?rest_route=%2Fwp%2Fv2%2Fcomments&post=788"}],"version-history":[{"count":1,"href":"https:\/\/www.spd-trier-land.de\/index.php?rest_route=\/wp\/v2\/posts\/788\/revisions"}],"predecessor-version":[{"id":789,"href":"https:\/\/www.spd-trier-land.de\/index.php?rest_route=\/wp\/v2\/posts\/788\/revisions\/789"}],"wp:attachment":[{"href":"https:\/\/www.spd-trier-land.de\/index.php?rest_route=%2Fwp%2Fv2%2Fmedia&parent=788"}],"wp:term":[{"taxonomy":"category","embeddable":true,"href":"https:\/\/www.spd-trier-land.de\/index.php?rest_route=%2Fwp%2Fv2%2Fcategories&post=788"},{"taxonomy":"post_tag","embeddable":true,"href":"https:\/\/www.spd-trier-land.de\/index.php?rest_route=%2Fwp%2Fv2%2Ftags&post=788"}],"curies":[{"name":"wp","href":"https:\/\/api.w.org\/{rel}","templated":true}]}}