{"id":809,"date":"2021-01-03T14:34:33","date_gmt":"2021-01-03T13:34:33","guid":{"rendered":"http:\/\/www.spd-trier-land.de\/?p=809"},"modified":"2021-01-03T14:34:33","modified_gmt":"2021-01-03T13:34:33","slug":"gemeinsame-erklaerung-der-gemeinderatsfraktionen-im-gemeinderat-newel-zum-nahversorger","status":"publish","type":"post","link":"https:\/\/www.spd-trier-land.de\/?p=809","title":{"rendered":"Gemeinsame Erkl\u00e4rung der Gemeinderatsfraktionen im Gemeinderat Newel zum Nahversorger"},"content":{"rendered":"\n<p>Liebe\nMitb\u00fcrgerinnen und Mitb\u00fcrger der Ortsgemeinde Newel,<\/p>\n\n\n\n<p>wie Sie sicherlich aus verschiedenen Quellen bereits geh\u00f6rt\nhaben, schlie\u00dft der einzige Nahversorgungsmarkt in der Ortsgemeinde Newel, der\n\u201enah und gut\u201c der Familie Oeltges, nach vielen Jahrzehnten in Butzweiler am\n31.01.2021. <\/p>\n\n\n\n<p>Wir danken der Familie Oeltges f\u00fcr viele Jahre der unternehmerischen\nLeistung in der Ortsgemeinde, eine Grundversorgung mit Lebens- und\nHaushaltsmitteln zu sichern und bedauern den R\u00fcckzug zutiefst. <\/p>\n\n\n\n<p>Seit mehr als 15 Jahren versucht die Ortsgemeinde Newel eine\nzukunftsf\u00e4hige L\u00f6sung f\u00fcr einen Nahversorgungsmarkt zu finden. Mehrere\nOrtsb\u00fcrgermeister und Gemeinder\u00e4te haben fraktions\u00fcbergreifend immer\nzusammengearbeitet, um dieses Ziel zu erreichen. Auch die daf\u00fcr vorgesehene\nFl\u00e4che zur Errichtung eines neuen Marktes (in Newel an der B51), sowie der\ndaf\u00fcr erforderliche Investor, stehen bereits seit Jahren zur Verf\u00fcgung. Auch\nunsere Buslinie f\u00e4hrt jetzt \u00fcber Newel, um jedem die M\u00f6glichkeit zu geben,\ndorthin mit \u00f6ffentlichen Verkehrsmitteln zu gelangen.<\/p>\n\n\n\n<p><strong>Warum stehen wir jetzt ohne da? <\/strong><\/p>\n\n\n\n<p>Die Gemeinde Newel hat seit langem klare Ziele. Wir wollen\neinen Nahversorgungsmarkt in der Ortsgemeinde. Die EDEKA als potenzieller\nBetreiber m\u00f6chte einen Markt ab einer Gr\u00f6\u00dfe von 1000m\u00b2 Verkaufsfl\u00e4che\nbetreiben. Die Gemeinde hat daher bereits vor Jahren einen sogenannten\nAufstellungsbeschluss gefasst mit dem Ziel, einen Markt bis zu 1400m\u00b2 zu\ngew\u00e4hrleisten. <\/p>\n\n\n\n<p>Die Planung des Landes Rheinland-Pfalz gibt im\nLandesentwicklungsprogramm (LEP IV) Rahmenbedingungen f\u00fcr die Errichtung eines\nNahversorgungsmarktes vor. F\u00fcr ein Grundzentrum k\u00f6nnen dies bis zu 1600m\u00b2\nVerkaufsfl\u00e4che sein. Wir sind als Gemeinde kein Grundzentrum und d\u00fcrfen daher einen\nMarkt mit maximal 800m\u00b2-Verkaufsfl\u00e4che bauen. <\/p>\n\n\n\n<p>Wir haben daher versucht ein Zielabweichungsverfahren\nanzustreben mit dem klaren Ziel, gr\u00f6\u00dfer bauen zu d\u00fcrfen &#8211; also eine Ausnahme zu\nerwirken. Seitens der \u201aUnteren Landesplanungsbeh\u00f6rde\u2018 (Kreis Trier-Saarburg)\nwurde uns dies nicht gew\u00e4hrt, weil auch andere Gemeinden in unserer\nunmittelbaren N\u00e4he diese Bestrebungen hatten. Der kreiseigene \u201aRegionale Raumordnungsplan\u2018\nkonnte uns auch nicht helfen, da er Trierweiler und Welschbillig als\nGrundzentren festgelegt hat.<\/p>\n\n\n\n<p>In der Folge musste die Verbandsgemeinde Trier-Land ein\nNahversorgungskonzept erstellen, um den widerstrebenden Interessen der\nGemeinden gerecht zu werden. Mitte 2020 wurde das Nahversorgungskonzept durch\nden Verbandsgemeinderat beschlossen \u2013 gegen die Ortsgemeinde Newel. Auch hier\nwurden uns wieder nur 800m\u00b2-Verkaufsfl\u00e4che zugetragen. <\/p>\n\n\n\n<p>Alle Bem\u00fchungen im Jahr 2020 deutschlandweit auch nur einen\nBetreiber zu finden, der einen Markt mit 800m\u00b2 errichten wollte, verliefen im\nSand. Kein Betreiber ist mehr bereit einen Markt unter 1000m\u00b2 zu errichten. <\/p>\n\n\n\n<p>Wir stehen als Ortsgemeinde Newel daher wieder am Anfang und\nm\u00fcssen ein Zielabweichungsverfahren f\u00fcr einen mindestens 1000m\u00b2 gro\u00dfen\nNahversorgungsmarkt beantragen. <\/p>\n\n\n\n<p>Der Ausgang eines solchen Verfahrens ist f\u00fcr die Ortsgemeinde\nNewel nicht abzusehen, dennoch sind sich alle Fraktionen im Gemeinderat und\nalle Verantwortlichen der Gemeinde einig, dass wir diesen schmalen Grat gehen\nwollen und werden. <\/p>\n\n\n\n<p><strong>Aber die Entscheidung dar\u00fcber, ob wir einen Markt mit der\nerforderlichen Gr\u00f6\u00dfe bekommen oder nicht treffen, wie auch in den Jahren zuvor,\ndie Verbandsgemeinde Trier-Land, die Kreisverwaltung Trier-Saarburg und die\nStruktur- und Genehmigungsbeh\u00f6rde Nord als zust\u00e4ndige Landesplanungsbeh\u00f6rde,\nindem sie uns die erforderliche Ausnahmegenehmigung erteilen. <\/strong><\/p>\n\n\n\n<p>Die daf\u00fcr erforderlichen Gespr\u00e4che sind bereits anberaumt und\nwerden (coronabedingt) Anfang Februar 2021 stattfinden. Dies wird bedauerlicher\nWeise nichts daran \u00e4ndern, dass es eine Zeit der Vakanz geben wird ohne einen\nwohnortnahen Nahversorger f\u00fcr uns alle. <\/p>\n\n\n\n<p>Der Gemeinderat und alle darin vertretenen Kr\u00e4fte haben noch\nnicht aufgegeben! Bitte unterst\u00fctzten Sie uns weiterhin in jeder Form \u2013 damit\nwir in Zukunft wieder einen Nahversorger in unserer Mitte haben! <\/p>\n\n\n\n<p>Dominik Matter\u00a0\u00a0\u00a0\u00a0\u00a0\u00a0\u00a0\u00a0\u00a0\u00a0\u00a0SPD-Fraktion\u00a0\u00a0\u00a0\u00a0\u00a0\u00a0\u00a0\u00a0\u00a0\u00a0\u00a0\u00a0\u00a0\u00a0\u00a0\u00a0\u00a0\u00a0 <br>Julian Potemke\u00a0\u00a0\u00a0\u00a0\u00a0\u00a0\u00a0\u00a0\u00a0\u00a0\u00a0\u00a0CDU-Fraktion\u00a0\u00a0\u00a0\u00a0\u00a0\u00a0\u00a0\u00a0\u00a0\u00a0\u00a0\u00a0\u00a0\u00a0\u00a0\u00a0\u00a0\u00a0\u00a0 <br>Isabel Knapp       \u00a0\u00a0\u00a0\u00a0\u00a0\u00a0\u00a0\u00a0 Fraktion FW Newel<\/p>\n\n\n\n<div class=\"wp-block-file\"><a href=\"http:\/\/www.spd-trier-land.de\/wp-content\/uploads\/2021\/01\/2021-01-02_Gemeinsame-Erkl\u00e4rung-der-Fraktionen-zum-Nahversorger.pdf\">2021-01-02_Gemeinsame Erkl\u00e4rung der Fraktionen zum Nahversorger<\/a><a href=\"http:\/\/www.spd-trier-land.de\/wp-content\/uploads\/2021\/01\/2021-01-02_Gemeinsame-Erkl\u00e4rung-der-Fraktionen-zum-Nahversorger.pdf\" class=\"wp-block-file__button\" download>Herunterladen<\/a><\/div>\n\n\n\n<ul class=\"wp-block-gallery columns-0 is-cropped wp-block-gallery-1 is-layout-flex wp-block-gallery-is-layout-flex\"><\/ul>\n","protected":false},"excerpt":{"rendered":"<p>Liebe Mitb\u00fcrgerinnen und Mitb\u00fcrger der Ortsgemeinde Newel, wie Sie sicherlich aus verschiedenen Quellen bereits geh\u00f6rt haben, schlie\u00dft der einzige Nahversorgungsmarkt in der Ortsgemeinde Newel, der \u201enah und gut\u201c der Familie Oeltges, nach vielen Jahrzehnten in Butzweiler am 31.01.2021. Wir danken der Familie Oeltges f\u00fcr viele Jahre der unternehmerischen Leistung in der Ortsgemeinde, eine Grundversorgung mit [&hellip;]<\/p>\n","protected":false},"author":1,"featured_media":0,"comment_status":"closed","ping_status":"closed","sticky":false,"template":"","format":"standard","meta":{"footnotes":""},"categories":[49,3,48],"tags":[27,371,372,243,377,375,368,369,238,201,370,378,376,215,198],"class_list":["post-809","post","type-post","status-publish","format-standard","hentry","category-neweler-heimatecho","category-newel","category-zeitungen","tag-butzweiler","tag-cdu","tag-edeka","tag-freie-waehler","tag-kreis-trier-saarburg","tag-nah-und-gut","tag-nahversorger","tag-nahversorgung","tag-nahversorgungskonzept","tag-newel","tag-oeltges","tag-regionaler-raumordnungsplan-region-trier","tag-sgd-nord","tag-spd","tag-trier-land"],"_links":{"self":[{"href":"https:\/\/www.spd-trier-land.de\/index.php?rest_route=\/wp\/v2\/posts\/809","targetHints":{"allow":["GET"]}}],"collection":[{"href":"https:\/\/www.spd-trier-land.de\/index.php?rest_route=\/wp\/v2\/posts"}],"about":[{"href":"https:\/\/www.spd-trier-land.de\/index.php?rest_route=\/wp\/v2\/types\/post"}],"author":[{"embeddable":true,"href":"https:\/\/www.spd-trier-land.de\/index.php?rest_route=\/wp\/v2\/users\/1"}],"replies":[{"embeddable":true,"href":"https:\/\/www.spd-trier-land.de\/index.php?rest_route=%2Fwp%2Fv2%2Fcomments&post=809"}],"version-history":[{"count":1,"href":"https:\/\/www.spd-trier-land.de\/index.php?rest_route=\/wp\/v2\/posts\/809\/revisions"}],"predecessor-version":[{"id":811,"href":"https:\/\/www.spd-trier-land.de\/index.php?rest_route=\/wp\/v2\/posts\/809\/revisions\/811"}],"wp:attachment":[{"href":"https:\/\/www.spd-trier-land.de\/index.php?rest_route=%2Fwp%2Fv2%2Fmedia&parent=809"}],"wp:term":[{"taxonomy":"category","embeddable":true,"href":"https:\/\/www.spd-trier-land.de\/index.php?rest_route=%2Fwp%2Fv2%2Fcategories&post=809"},{"taxonomy":"post_tag","embeddable":true,"href":"https:\/\/www.spd-trier-land.de\/index.php?rest_route=%2Fwp%2Fv2%2Ftags&post=809"}],"curies":[{"name":"wp","href":"https:\/\/api.w.org\/{rel}","templated":true}]}}