{"id":815,"date":"2021-01-20T23:00:48","date_gmt":"2021-01-20T22:00:48","guid":{"rendered":"http:\/\/www.spd-trier-land.de\/?p=815"},"modified":"2021-01-20T21:16:48","modified_gmt":"2021-01-20T20:16:48","slug":"ihre-unterschrift-fuer-einen-nahversorger-in-der-gemeinde-newel","status":"publish","type":"post","link":"https:\/\/www.spd-trier-land.de\/?p=815","title":{"rendered":"IHRE UNTERSCHRIFT F\u00dcR EINEN NAHVERSORGER IN DER GEMEINDE NEWEL!"},"content":{"rendered":"\n<p>Wir fordern die Verbandsgemeinde Trier-Land, den Kreis Trier-Saarburg und das Land Rheinland-Pfalz auf, einen Markt mit mindestens 1000m\u00b2 Verkaufsfl\u00e4che zuzulassen, um eine wohnortnahe Grundversorgung m\u00f6glich zu machen.<br><br>MACHEN SIE MIT! <br><br>Wir organisieren eine Unterschriftenaktion. Aufgrund der Corona-Beschr\u00e4nkungen k\u00f6nnen wir die Unterschrift nicht an der Haust\u00fcre sammeln. Deshalb finden Sie ein Unterschriftenblatt in der n\u00e4chsten Ausgabe des Heimatechos, welches wir allen Haushalten in den n\u00e4chsten Tagen zukommen lassen. Das Unterschriftenblatt kann dann von Ihnen ausgef\u00fcllt und KONTAKTLOS in darauf genannten Briefk\u00e4sten eingeworfen werden. <br><br>F\u00fcr Eilige gibt es das Blatt auch zum Ausdrucken hier! (siehe unten) <br><\/p>\n\n\n\n<p>Zeigen wir, dass was passieren muss! <\/p>\n\n\n\n<div class=\"wp-block-file\"><a href=\"http:\/\/www.spd-trier-land.de\/wp-content\/uploads\/2021\/01\/2021-01-18_Unterschriftenblatt_web.pdf\">2021-01-18_Unterschriftenblatt_web<\/a><a href=\"http:\/\/www.spd-trier-land.de\/wp-content\/uploads\/2021\/01\/2021-01-18_Unterschriftenblatt_web.pdf\" class=\"wp-block-file__button\" download>Herunterladen<\/a><\/div>\n","protected":false},"excerpt":{"rendered":"<p>Wir fordern die Verbandsgemeinde Trier-Land, den Kreis Trier-Saarburg und das Land Rheinland-Pfalz auf, einen Markt mit mindestens 1000m\u00b2 Verkaufsfl\u00e4che zuzulassen, um eine wohnortnahe Grundversorgung m\u00f6glich zu machen. MACHEN SIE MIT! Wir organisieren eine Unterschriftenaktion. Aufgrund der Corona-Beschr\u00e4nkungen k\u00f6nnen wir die Unterschrift nicht an der Haust\u00fcre sammeln. Deshalb finden Sie ein Unterschriftenblatt in der n\u00e4chsten Ausgabe [&hellip;]<\/p>\n","protected":false},"author":1,"featured_media":0,"comment_status":"closed","ping_status":"closed","sticky":false,"template":"","format":"standard","meta":{"footnotes":""},"categories":[11,49,3,2,48],"tags":[386,236,389,377,387,388,368,201,376,215,384,385,162,390],"class_list":["post-815","post","type-post","status-publish","format-standard","hentry","category-aach","category-neweler-heimatecho","category-newel","category-trier-land","category-zeitungen","tag-1000m2","tag-aach","tag-gemeinde-newel","tag-kreis-trier-saarburg","tag-land-rheinland-pfalz","tag-mitmachen","tag-nahversorger","tag-newel","tag-sgd-nord","tag-spd","tag-unterschriftenaktion","tag-unterschriftenliste","tag-verbandsgemeinde-trier-land","tag-wohnortnah"],"_links":{"self":[{"href":"https:\/\/www.spd-trier-land.de\/index.php?rest_route=\/wp\/v2\/posts\/815","targetHints":{"allow":["GET"]}}],"collection":[{"href":"https:\/\/www.spd-trier-land.de\/index.php?rest_route=\/wp\/v2\/posts"}],"about":[{"href":"https:\/\/www.spd-trier-land.de\/index.php?rest_route=\/wp\/v2\/types\/post"}],"author":[{"embeddable":true,"href":"https:\/\/www.spd-trier-land.de\/index.php?rest_route=\/wp\/v2\/users\/1"}],"replies":[{"embeddable":true,"href":"https:\/\/www.spd-trier-land.de\/index.php?rest_route=%2Fwp%2Fv2%2Fcomments&post=815"}],"version-history":[{"count":1,"href":"https:\/\/www.spd-trier-land.de\/index.php?rest_route=\/wp\/v2\/posts\/815\/revisions"}],"predecessor-version":[{"id":817,"href":"https:\/\/www.spd-trier-land.de\/index.php?rest_route=\/wp\/v2\/posts\/815\/revisions\/817"}],"wp:attachment":[{"href":"https:\/\/www.spd-trier-land.de\/index.php?rest_route=%2Fwp%2Fv2%2Fmedia&parent=815"}],"wp:term":[{"taxonomy":"category","embeddable":true,"href":"https:\/\/www.spd-trier-land.de\/index.php?rest_route=%2Fwp%2Fv2%2Fcategories&post=815"},{"taxonomy":"post_tag","embeddable":true,"href":"https:\/\/www.spd-trier-land.de\/index.php?rest_route=%2Fwp%2Fv2%2Ftags&post=815"}],"curies":[{"name":"wp","href":"https:\/\/api.w.org\/{rel}","templated":true}]}}