{"id":819,"date":"2021-01-20T20:00:43","date_gmt":"2021-01-20T19:00:43","guid":{"rendered":"http:\/\/www.spd-trier-land.de\/?p=819"},"modified":"2021-01-20T21:29:30","modified_gmt":"2021-01-20T20:29:30","slug":"fahrdienst-zu-impfzentren","status":"publish","type":"post","link":"https:\/\/www.spd-trier-land.de\/?p=819","title":{"rendered":"Fahrdienst zu Impfzentren"},"content":{"rendered":"\n<p>Hilfsbed\u00fcrftige Menschen \u00fcber 80 Jahre, die Hilfe auf dem Weg zum Impfzentrum Trier ben\u00f6tigen, k\u00f6nnen sich gerne an uns wenden:<\/p>\n\n\n\n<p>Ansprechpartner:<br>Hans Cremer und Nikolaus Lieser.<\/p>\n\n\n\n<p><br>E-Mail: fahrdienst@spd-newel.de<\/p>\n\n\n\n<p>Ihr SPD-Ortsverein Newel<\/p>\n","protected":false},"excerpt":{"rendered":"<p>Hilfsbed\u00fcrftige Menschen \u00fcber 80 Jahre, die Hilfe auf dem Weg zum Impfzentrum Trier ben\u00f6tigen, k\u00f6nnen sich gerne an uns wenden: Ansprechpartner:Hans Cremer und Nikolaus Lieser. E-Mail: fahrdienst@spd-newel.de Ihr SPD-Ortsverein Newel<\/p>\n","protected":false},"author":1,"featured_media":0,"comment_status":"closed","ping_status":"closed","sticky":false,"template":"","format":"standard","meta":{"footnotes":""},"categories":[3],"tags":[393,382,392,391,394,318,215,353],"class_list":["post-819","post","type-post","status-publish","format-standard","hentry","category-newel","tag-80-jahre","tag-fahrdienst","tag-hilfsbeduerftige","tag-impfzentrum","tag-ortsverein-newel","tag-senioren","tag-spd","tag-trier"],"_links":{"self":[{"href":"https:\/\/www.spd-trier-land.de\/index.php?rest_route=\/wp\/v2\/posts\/819","targetHints":{"allow":["GET"]}}],"collection":[{"href":"https:\/\/www.spd-trier-land.de\/index.php?rest_route=\/wp\/v2\/posts"}],"about":[{"href":"https:\/\/www.spd-trier-land.de\/index.php?rest_route=\/wp\/v2\/types\/post"}],"author":[{"embeddable":true,"href":"https:\/\/www.spd-trier-land.de\/index.php?rest_route=\/wp\/v2\/users\/1"}],"replies":[{"embeddable":true,"href":"https:\/\/www.spd-trier-land.de\/index.php?rest_route=%2Fwp%2Fv2%2Fcomments&post=819"}],"version-history":[{"count":1,"href":"https:\/\/www.spd-trier-land.de\/index.php?rest_route=\/wp\/v2\/posts\/819\/revisions"}],"predecessor-version":[{"id":820,"href":"https:\/\/www.spd-trier-land.de\/index.php?rest_route=\/wp\/v2\/posts\/819\/revisions\/820"}],"wp:attachment":[{"href":"https:\/\/www.spd-trier-land.de\/index.php?rest_route=%2Fwp%2Fv2%2Fmedia&parent=819"}],"wp:term":[{"taxonomy":"category","embeddable":true,"href":"https:\/\/www.spd-trier-land.de\/index.php?rest_route=%2Fwp%2Fv2%2Fcategories&post=819"},{"taxonomy":"post_tag","embeddable":true,"href":"https:\/\/www.spd-trier-land.de\/index.php?rest_route=%2Fwp%2Fv2%2Ftags&post=819"}],"curies":[{"name":"wp","href":"https:\/\/api.w.org\/{rel}","templated":true}]}}